{"id":117,"date":"2009-03-29T23:16:04","date_gmt":"2009-03-30T02:16:04","guid":{"rendered":"http:\/\/cleciooliveira.eti.br\/blog\/?p=117"},"modified":"2025-05-23T00:58:25","modified_gmt":"2025-05-23T03:58:25","slug":"inicio-da-pos-graduacao","status":"publish","type":"post","link":"https:\/\/cleciooliveira.eti.br\/blog\/2009\/03\/29\/inicio-da-pos-graduacao\/","title":{"rendered":"In\u00edcio da P\u00f3s-gradua\u00e7\u00e3o"},"content":{"rendered":"<p style=\"text-align: center;\"><img data-recalc-dims=\"1\" loading=\"lazy\" decoding=\"async\" data-attachment-id=\"118\" data-permalink=\"https:\/\/cleciooliveira.eti.br\/blog\/2009\/03\/29\/inicio-da-pos-graduacao\/projectmgmt\/\" data-orig-file=\"https:\/\/i0.wp.com\/cleciooliveira.eti.br\/blog\/wp-content\/uploads\/2009\/03\/projectmgmt.jpg?fit=720%2C540&amp;ssl=1\" data-orig-size=\"720,540\" data-comments-opened=\"1\" data-image-meta=\"{&quot;aperture&quot;:&quot;0&quot;,&quot;credit&quot;:&quot;&quot;,&quot;camera&quot;:&quot;&quot;,&quot;caption&quot;:&quot;&quot;,&quot;created_timestamp&quot;:&quot;0&quot;,&quot;copyright&quot;:&quot;&quot;,&quot;focal_length&quot;:&quot;0&quot;,&quot;iso&quot;:&quot;0&quot;,&quot;shutter_speed&quot;:&quot;0&quot;,&quot;title&quot;:&quot;&quot;}\" data-image-title=\"Project Management\" data-image-description=\"\" data-image-caption=\"&lt;p&gt;Ger\u00eancimento de Projetos&lt;\/p&gt;\n\" data-large-file=\"https:\/\/i0.wp.com\/cleciooliveira.eti.br\/blog\/wp-content\/uploads\/2009\/03\/projectmgmt.jpg?fit=630%2C473&amp;ssl=1\" class=\"size-medium wp-image-118 aligncenter\" title=\"Project Management\" src=\"https:\/\/i0.wp.com\/cleciooliveira.eti.br\/blog\/wp-content\/uploads\/2009\/03\/projectmgmt-300x225.jpg?resize=300%2C225\" alt=\"Ger\u00eancimento de Projetos\" width=\"300\" height=\"225\" srcset=\"https:\/\/i0.wp.com\/cleciooliveira.eti.br\/blog\/wp-content\/uploads\/2009\/03\/projectmgmt.jpg?resize=300%2C225&amp;ssl=1 300w, https:\/\/i0.wp.com\/cleciooliveira.eti.br\/blog\/wp-content\/uploads\/2009\/03\/projectmgmt.jpg?w=720&amp;ssl=1 720w\" sizes=\"auto, (max-width: 300px) 100vw, 300px\" \/><\/p>\n<p>Ontem come\u00e7ou minhas aulas de P\u00f3s-gradua\u00e7\u00e3o em Gerenciamento de Projetos. Estou cheio de expectativas, possibilidades, planos, etc.<br \/>\nEstou conhecendo v\u00e1rias pessoas, de v\u00e1rias \u00e1reas, v\u00e1rias experi\u00eancias, v\u00e1rias culturas, professores que s\u00e3o fant\u00e1sticos, valores que est\u00e3o sendo agregados, conhecimentos sendo absorvidos, tudo isso sendo assimilado e partindo em dire\u00e7\u00e3o <span style=\"text-decoration: line-through;\">eu espero<\/span> a uma carreira s\u00f3lida.<br \/>\nEnt\u00e3o, estudar n\u00e9!<\/p>\n","protected":false},"excerpt":{"rendered":"<p>Ontem come\u00e7ou minhas aulas de P\u00f3s-gradua\u00e7\u00e3o em Gerenciamento de Projetos. Estou cheio de expectativas, possibilidades, planos, etc. Estou conhecendo v\u00e1rias pessoas, de v\u00e1rias \u00e1reas, v\u00e1rias experi\u00eancias, v\u00e1rias culturas, professores que s\u00e3o fant\u00e1sticos, valores que est\u00e3o sendo agregados, conhecimentos sendo absorvidos, tudo isso sendo assimilado e partindo em dire\u00e7\u00e3o eu espero a uma carreira s\u00f3lida. Ent\u00e3o, [&hellip;]<\/p>\n","protected":false},"author":1,"featured_media":0,"comment_status":"open","ping_status":"open","sticky":false,"template":"","format":"standard","meta":{"jetpack_post_was_ever_published":false,"_jetpack_newsletter_access":"","_jetpack_dont_email_post_to_subs":false,"_jetpack_newsletter_tier_id":0,"_jetpack_memberships_contains_paywalled_content":false,"_jetpack_memberships_contains_paid_content":false,"footnotes":"","jetpack_publicize_message":"","jetpack_publicize_feature_enabled":true,"jetpack_social_post_already_shared":false,"jetpack_social_options":{"image_generator_settings":{"template":"highway","enabled":false},"version":2}},"categories":[1],"tags":[123,122,121,120],"class_list":["post-117","post","type-post","status-publish","format-standard","hentry","category-dia","tag-carreira","tag-gerenciamento-de-projetos","tag-mba","tag-pos-graduacao"],"jetpack_publicize_connections":[],"jetpack_featured_media_url":"","jetpack_shortlink":"https:\/\/wp.me\/p3oatH-1T","jetpack_sharing_enabled":true,"_links":{"self":[{"href":"https:\/\/cleciooliveira.eti.br\/blog\/wp-json\/wp\/v2\/posts\/117","targetHints":{"allow":["GET"]}}],"collection":[{"href":"https:\/\/cleciooliveira.eti.br\/blog\/wp-json\/wp\/v2\/posts"}],"about":[{"href":"https:\/\/cleciooliveira.eti.br\/blog\/wp-json\/wp\/v2\/types\/post"}],"author":[{"embeddable":true,"href":"https:\/\/cleciooliveira.eti.br\/blog\/wp-json\/wp\/v2\/users\/1"}],"replies":[{"embeddable":true,"href":"https:\/\/cleciooliveira.eti.br\/blog\/wp-json\/wp\/v2\/comments?post=117"}],"version-history":[{"count":7,"href":"https:\/\/cleciooliveira.eti.br\/blog\/wp-json\/wp\/v2\/posts\/117\/revisions"}],"predecessor-version":[{"id":848,"href":"https:\/\/cleciooliveira.eti.br\/blog\/wp-json\/wp\/v2\/posts\/117\/revisions\/848"}],"wp:attachment":[{"href":"https:\/\/cleciooliveira.eti.br\/blog\/wp-json\/wp\/v2\/media?parent=117"}],"wp:term":[{"taxonomy":"category","embeddable":true,"href":"https:\/\/cleciooliveira.eti.br\/blog\/wp-json\/wp\/v2\/categories?post=117"},{"taxonomy":"post_tag","embeddable":true,"href":"https:\/\/cleciooliveira.eti.br\/blog\/wp-json\/wp\/v2\/tags?post=117"}],"curies":[{"name":"wp","href":"https:\/\/api.w.org\/{rel}","templated":true}]}}