{"id":12,"date":"2008-04-06T02:54:34","date_gmt":"2008-04-06T05:54:34","guid":{"rendered":"http:\/\/cleciooliveira.eti.br\/blog\/2008\/04\/06\/acessibilidade-util-mesmo-para-voce-que-nao-e-um-pne\/"},"modified":"2008-05-30T01:19:31","modified_gmt":"2008-05-30T04:19:31","slug":"acessibilidade-util-mesmo-para-voce-que-nao-e-um-pne","status":"publish","type":"post","link":"https:\/\/cleciooliveira.eti.br\/blog\/2008\/04\/06\/acessibilidade-util-mesmo-para-voce-que-nao-e-um-pne\/","title":{"rendered":"Acessibilidade, \u00fatil mesmo para voc\u00ea que n\u00e3o \u00e9 um PNE"},"content":{"rendered":"<p>Como primeiro post desta categoria (Web) vou\u00a0postar\u00a0acessibilidade, assunto que me deixou de queixo ca\u00eddo est\u00e1 semana onde muitos profissionais n\u00e3o pensam nisto.<br \/>\nMeu Conceito: Acessibilidade tornar servi\u00e7os de f\u00e1cil acesso a todos os seres humanos permitindo que as diferen\u00e7as entre eles n\u00e3o exista.<br \/>\nEsta semana na <a onclick=\"javascript:pageTracker._trackPageview('\/outgoing\/www.alfa.br');\" target=\"_blank\"  href=\"http:\/\/www.alfa.br\" title=\"Faculdade Alves Farias - ALFA\" rel=\"noopener\">Faculdade<\/a>\u00a0Professora pediu para desenvolver (melhorar) um projeto que o Governo de Goi\u00e1s utiliza no processo de Matr\u00edcula de aluno na Rede Estadual, no qual \u00e9 feita por telefone (Tele-Matr\u00edcula).<br \/>\nDecidi fazer voltado a Web pois, olhei para um lado uns fazendo em Java, outros em Delphi ent\u00e3o quis fazer algo um pouco mais Acess\u00edvel levando em considera\u00e7\u00e3o os Crit\u00e9rios Ergon\u00f4micos.<br \/>\nFui pra casa fiz meu &#8220;trabalhinho&#8221; bonitinho, Layout CSS, Ajax pensando na Acessbilidade, Usabilidade, Homogenidade, Compatibilidade e outros,\u00a0j\u00e1 que no Governo existe muito trabalhadores PNE&#8217;s, mas a surpresa \u00e9 que somente eu da sala pensei sobre isto.<br \/>\nFiquei muito triste ao saber que programadores a mais de anos, que est\u00e3o ali somente para pegar diploma que se dizem profissionais n\u00e3o consegue enxergar ou desenvolver um simples sistema tenha um pingo de Acessibilidade. Ent\u00e3o para esses tipos de pessoas, dono de empresa de software inclusive,\u00a0sugiro ler este texto do Acesso Digital: <font color=\"#800080\"><u><a onclick=\"javascript:pageTracker._trackPageview('\/outgoing\/acessodigital.net\/video.html');\" target=\"_blank\"  href=\"http:\/\/acessodigital.net\/video.html\" title=\"Video - Acessibilidade web: Custo ou benef\u00edcio?\" rel=\"noopener\"><strong>Acessibilidade na <span lang=\"en\">Web:<\/span> Custo ou Benef\u00edcio?<\/strong><\/a><\/u><\/font>\u00a0\u00a0e aproveite e veja o V\u00eddeo, e n\u00e3o se esque\u00e7a de colocar p\u00e1gina em seus favoritos \ud83d\ude00 .<br \/>\nSegue mais uns links interessantes sobre Acessibilidade:<\/p>\n<p><a onclick=\"javascript:pageTracker._trackPageview('\/outgoing\/acessodigital.net\/');\"  href=\"http:\/\/acessodigital.net\/\" target=\"_blank\" rel=\"noopener\">http:\/\/acessodigital.net<\/a><br \/>\n<a onclick=\"javascript:pageTracker._trackPageview('\/outgoing\/acessibilidadelegal.com\/');\"  href=\"http:\/\/acessibilidadelegal.com\/\" target=\"_blank\" rel=\"noopener\">http:\/\/acessibilidadelegal.com\/<\/a><br \/>\n<a onclick=\"javascript:pageTracker._trackPageview('\/outgoing\/www.acessobrasil.org.br\/');\"  href=\"http:\/\/www.acessobrasil.org.br\/\" target=\"_blank\" rel=\"noopener\">http:\/\/www.acessobrasil.org.br\/<\/a><\/p>\n","protected":false},"excerpt":{"rendered":"<p>Como primeiro post desta categoria (Web) vou\u00a0postar\u00a0acessibilidade, assunto que me deixou de queixo ca\u00eddo est\u00e1 semana onde muitos profissionais n\u00e3o pensam nisto. Meu Conceito: Acessibilidade tornar servi\u00e7os de f\u00e1cil acesso a todos os seres humanos permitindo que as diferen\u00e7as entre eles n\u00e3o exista. Esta semana na Faculdade\u00a0Professora pediu para desenvolver (melhorar) um projeto que o [&hellip;]<\/p>\n","protected":false},"author":1,"featured_media":0,"comment_status":"open","ping_status":"open","sticky":false,"template":"","format":"standard","meta":{"jetpack_post_was_ever_published":false,"_jetpack_newsletter_access":"","_jetpack_dont_email_post_to_subs":false,"_jetpack_newsletter_tier_id":0,"_jetpack_memberships_contains_paywalled_content":false,"_jetpack_memberships_contains_paid_content":false,"footnotes":"","jetpack_publicize_message":"","jetpack_publicize_feature_enabled":true,"jetpack_social_post_already_shared":false,"jetpack_social_options":{"image_generator_settings":{"template":"highway","default_image_id":0,"font":"","enabled":false},"version":2}},"categories":[1,3],"tags":[32,33,217],"class_list":["post-12","post","type-post","status-publish","format-standard","hentry","category-dia","category-web","tag-acessibilidade","tag-faculdade","tag-web"],"jetpack_publicize_connections":[],"jetpack_featured_media_url":"","jetpack_shortlink":"https:\/\/wp.me\/p3oatH-c","jetpack_sharing_enabled":true,"_links":{"self":[{"href":"https:\/\/cleciooliveira.eti.br\/blog\/wp-json\/wp\/v2\/posts\/12","targetHints":{"allow":["GET"]}}],"collection":[{"href":"https:\/\/cleciooliveira.eti.br\/blog\/wp-json\/wp\/v2\/posts"}],"about":[{"href":"https:\/\/cleciooliveira.eti.br\/blog\/wp-json\/wp\/v2\/types\/post"}],"author":[{"embeddable":true,"href":"https:\/\/cleciooliveira.eti.br\/blog\/wp-json\/wp\/v2\/users\/1"}],"replies":[{"embeddable":true,"href":"https:\/\/cleciooliveira.eti.br\/blog\/wp-json\/wp\/v2\/comments?post=12"}],"version-history":[{"count":0,"href":"https:\/\/cleciooliveira.eti.br\/blog\/wp-json\/wp\/v2\/posts\/12\/revisions"}],"wp:attachment":[{"href":"https:\/\/cleciooliveira.eti.br\/blog\/wp-json\/wp\/v2\/media?parent=12"}],"wp:term":[{"taxonomy":"category","embeddable":true,"href":"https:\/\/cleciooliveira.eti.br\/blog\/wp-json\/wp\/v2\/categories?post=12"},{"taxonomy":"post_tag","embeddable":true,"href":"https:\/\/cleciooliveira.eti.br\/blog\/wp-json\/wp\/v2\/tags?post=12"}],"curies":[{"name":"wp","href":"https:\/\/api.w.org\/{rel}","templated":true}]}}