{"id":195,"date":"2009-10-12T14:51:02","date_gmt":"2009-10-12T17:51:02","guid":{"rendered":"http:\/\/cleciooliveira.eti.br\/blog\/?p=195"},"modified":"2009-10-12T14:51:02","modified_gmt":"2009-10-12T17:51:02","slug":"configurando-video-no-arch-linux","status":"publish","type":"post","link":"https:\/\/cleciooliveira.eti.br\/blog\/2009\/10\/12\/configurando-video-no-arch-linux\/","title":{"rendered":"Configurando video no Arch Linux"},"content":{"rendered":"<p>Visto que alguns colegas (<a onclick=\"javascript:pageTracker._trackPageview('\/outgoing\/forum.archlinux-br.org\/viewtopic.php?id=1989');\" title=\"ir para o post forum arch linux brasil\"  href=\"http:\/\/forum.archlinux-br.org\/viewtopic.php?id=1989\" target=\"_blank\" rel=\"noopener\">bino<\/a>, andr\u00e9) e alguns usu\u00e1rios est\u00e3o com problemas em configurar ambiente gr\u00e1fico no Arch, irei mostrar de modo geral como configurar o video no <a onclick=\"javascript:pageTracker._trackPageview('\/outgoing\/www.archlinux-br.org');\" title=\"Ir para p\u00e1gina do Arch Linux Brasil\"  href=\"http:\/\/www.archlinux-br.org\" target=\"_blank\" rel=\"noopener\">Arch Linux<\/a>. Afinal, como esses mesmo usu\u00e1rios dizem: -No pr\u00f3prio wiki n\u00e3o possui &#8220;algumas&#8221; informa\u00e7\u00f5es. O bino postou esse problema no <a onclick=\"javascript:pageTracker._trackPageview('\/outgoing\/forum.archlinux-br.org\/viewtopic.php?id=1989');\" title=\"ir para o F\u00f3rum Arch Linux Brasil - Configurar Video\"  href=\"http:\/\/forum.archlinux-br.org\/viewtopic.php?id=1989\" target=\"_blank\" rel=\"noopener\">F\u00f3rum Arch Linux Brasil<\/a> mais ainda n\u00e3o foi solucionado. Espero que as informa\u00e7\u00f5es contidas aqui possa lhe auxiliar a solucionar esse problema.<\/p>\n<p>Como o Arch tem a id\u00e9ia de oferecer um sistema simples para que voc\u00ea possa personalizar a seu gosto, ele n\u00e3o instala Xorg.conf por padr\u00e3o. Ent\u00e3o \u00e9 necess\u00e1rio instalar primeiramente o X, configurar o Video, em seguida instalar Gnome ou outro ambiente gr\u00e1fico.<\/p>\n<p>Primeiro passo, instalar X atrav\u00e9s do pacman:<\/p>\n<p><strong>#pacman -S xorg<\/strong><\/p>\n<p>Em seguida, \u00e9 necess\u00e1rio instalar o modulo correspondente a sua placa de video. Os pacotes s\u00e3o (xf86-video-ati xf86-video-intel xf86-video-nv xf86-video-openchrome \\<br \/>\nxf86-video-sis xf86-video-vesa xf86-video-vmware). Neste caso, iremos instalar o xf86-video-intel:<\/p>\n<p><strong>#pacman -S xf86-video-intel<\/strong><\/p>\n<p>Agora, podemos gerar o arquivo de configura\u00e7\u00e3o atrav\u00e9s do comando:<\/p>\n<p><strong># Xorg -configure<\/strong><\/p>\n<p>Este comando ir\u00e1 gerar uma configura\u00e7\u00e3o e salvar\u00e1 no arquivo &#8220;\/root\/xorg.conf.new&#8221;. Em seguida, copie o arquivo para a localiza\u00e7\u00e3o padr\u00e3o:<\/p>\n<p><strong># cp \/root\/xorg.conf.new \/etc\/X11\/xorg.conf<\/strong><\/p>\n<p>Antes de abrir o X e n\u00e3o ficar preso sem poder fazer nada pois, provavelmente seu mouse e teclado n\u00e3o ser\u00e3o detectados, \u00e9 necess\u00e1rio ativar o HAL.<\/p>\n<p><strong># \/etc\/rc.d\/hal start<\/strong><\/p>\n<p>Sugiro, que adicione este servi\u00e7o na linha &#8220;DAEMONS&#8221; do arquivo &#8220;\/etc\/rc.conf&#8221;, para inicializar por padr\u00e3o durante o boot:<\/p>\n<p><strong>DAEMONS=(syslog-ng network netfs crond hal)<\/strong><\/p>\n<p>A partir da\u00ed, voc\u00ea poder\u00e1 instalar seu ambiente gr\u00e1fico.<br \/>\nNo caso Kde:<\/p>\n<p><strong># pacman -S kde kde-l10n-pt_br<\/strong><\/p>\n<p>No caso Gnome:<\/p>\n<p><strong># pacman -S gnome gnome-extra<\/strong><\/p>\n<p>Depois de instalado vamos editar o arquivo &#8220;\/etc\/rec.conf&#8221;, e incluir o seu ambiente gr\u00e1fico para exibir o gerenciador no final do boot. Obs: \u00c9 necess\u00e1rio ativar o servi\u00e7o &#8220;fam&#8221;.<br \/>\nCaso Kde:<\/p>\n<p><strong>DAEMONS=(syslog-ng network netfs crond sshd hal fam kdm)<\/strong><\/p>\n<p>Caso Gnome:<\/p>\n<p><strong>DAEMONS=(syslog-ng network netfs crond sshd hal fam gdm)<\/strong><\/p>\n<p>Outro m\u00e9todo para inicializar o ambiente gr\u00e1fico depois do boot \u00e9 atrav\u00e9s do <a onclick=\"javascript:pageTracker._trackPageview('\/outgoing\/wiki.archlinux-br.org\/Habilitando_um_DM');\" title=\"ir para Wiki Arch Linux Brasil - Habilitar um DM\"  href=\"http:\/\/wiki.archlinux-br.org\/Habilitando_um_DM\" target=\"_blank\" rel=\"noopener\">inittab<\/a>. Para isso, abra \/etc\/inittab usando um editor qualquer.<\/p>\n<p><strong># emacs \/etc\/inittab<br \/>\n# nano \/etc\/inittab<br \/>\n# vi \/etc\/inittab<\/strong><\/p>\n<p>Encontre uma linha parecida com essa:<\/p>\n<p><strong>id:3:initdefault:<\/strong><\/p>\n<p>Comente-a e descomente a seguinte linha:<\/p>\n<p><strong>id:5:initdefault:<\/strong><\/p>\n<p>Para modificar o gerenciador padr\u00e3o, caso esteja utilizando Kde:<\/p>\n<p>Encontre uma linha parecida com essa:<\/p>\n<p><strong>x:5:respawn:\/usr\/bin\/xdm -nodaemon<\/strong><\/p>\n<p>Comente-a, e descomente a seguinte linha:<\/p>\n<p><strong>x:5:respawn:\/opt\/kde\/bin\/kdm -nodaemon<\/strong><\/p>\n<p>Caso esteja utilizando Gnome, descomente essa linha:<\/p>\n<p><strong>x:5:respawn:\/usr\/sbin\/gdm -nodaemon<\/strong><\/p>\n<p>Salve o arquivo e saia do editor. Na pr\u00f3xima inicializa\u00e7\u00e3o, o gerenciador de login dever\u00e1 funcionar.<\/p>\n<p>Seguindo esses passos, seu ambiente gr\u00e1fico ir\u00e1 &#8220;subir&#8221; perfeitamente.<br \/>\nBino e Andr\u00e9, caso necessite de mais orienta\u00e7\u00f5es estou a disposi\u00e7\u00e3o.<\/p>\n<p>AFK<\/p>\n","protected":false},"excerpt":{"rendered":"<p>Visto que alguns colegas (bino, andr\u00e9) e alguns usu\u00e1rios est\u00e3o com problemas em configurar ambiente gr\u00e1fico no Arch, irei mostrar de modo geral como configurar o video no Arch Linux. Afinal, como esses mesmo usu\u00e1rios dizem: -No pr\u00f3prio wiki n\u00e3o possui &#8220;algumas&#8221; informa\u00e7\u00f5es. O bino postou esse problema no F\u00f3rum Arch Linux Brasil mais ainda [&hellip;]<\/p>\n","protected":false},"author":1,"featured_media":0,"comment_status":"open","ping_status":"open","sticky":false,"template":"","format":"standard","meta":{"jetpack_post_was_ever_published":false,"_jetpack_newsletter_access":"","_jetpack_dont_email_post_to_subs":false,"_jetpack_newsletter_tier_id":0,"_jetpack_memberships_contains_paywalled_content":false,"_jetpack_memberships_contains_paid_content":false,"footnotes":"","jetpack_publicize_message":"","jetpack_publicize_feature_enabled":true,"jetpack_social_post_already_shared":false,"jetpack_social_options":{"image_generator_settings":{"template":"highway","default_image_id":0,"font":"","enabled":false},"version":2}},"categories":[4],"tags":[41,56,218,149,148],"class_list":["post-195","post","type-post","status-publish","format-standard","hentry","category-linux","tag-arch","tag-forum","tag-linux","tag-video","tag-xorg"],"jetpack_publicize_connections":[],"jetpack_featured_media_url":"","jetpack_shortlink":"https:\/\/wp.me\/p3oatH-39","jetpack_sharing_enabled":true,"_links":{"self":[{"href":"https:\/\/cleciooliveira.eti.br\/blog\/wp-json\/wp\/v2\/posts\/195","targetHints":{"allow":["GET"]}}],"collection":[{"href":"https:\/\/cleciooliveira.eti.br\/blog\/wp-json\/wp\/v2\/posts"}],"about":[{"href":"https:\/\/cleciooliveira.eti.br\/blog\/wp-json\/wp\/v2\/types\/post"}],"author":[{"embeddable":true,"href":"https:\/\/cleciooliveira.eti.br\/blog\/wp-json\/wp\/v2\/users\/1"}],"replies":[{"embeddable":true,"href":"https:\/\/cleciooliveira.eti.br\/blog\/wp-json\/wp\/v2\/comments?post=195"}],"version-history":[{"count":9,"href":"https:\/\/cleciooliveira.eti.br\/blog\/wp-json\/wp\/v2\/posts\/195\/revisions"}],"predecessor-version":[{"id":205,"href":"https:\/\/cleciooliveira.eti.br\/blog\/wp-json\/wp\/v2\/posts\/195\/revisions\/205"}],"wp:attachment":[{"href":"https:\/\/cleciooliveira.eti.br\/blog\/wp-json\/wp\/v2\/media?parent=195"}],"wp:term":[{"taxonomy":"category","embeddable":true,"href":"https:\/\/cleciooliveira.eti.br\/blog\/wp-json\/wp\/v2\/categories?post=195"},{"taxonomy":"post_tag","embeddable":true,"href":"https:\/\/cleciooliveira.eti.br\/blog\/wp-json\/wp\/v2\/tags?post=195"}],"curies":[{"name":"wp","href":"https:\/\/api.w.org\/{rel}","templated":true}]}}