{"id":214,"date":"2009-10-24T22:02:39","date_gmt":"2009-10-25T01:02:39","guid":{"rendered":"http:\/\/cleciooliveira.eti.br\/blog\/?p=214"},"modified":"2009-10-26T22:02:36","modified_gmt":"2009-10-27T01:02:36","slug":"3-jornada-tecnologica-fatesg","status":"publish","type":"post","link":"https:\/\/cleciooliveira.eti.br\/blog\/2009\/10\/24\/3-jornada-tecnologica-fatesg\/","title":{"rendered":"3\u00b0 Jornada Tecnol\u00f3gica Fatesg"},"content":{"rendered":"<p>A <a onclick=\"javascript:pageTracker._trackPageview('\/outgoing\/www.senaigo.com.br\/site\/');\" title=\"ir para o site do Senai - GO\"  href=\"http:\/\/www.senaigo.com.br\/site\/\" target=\"_blank\" rel=\"noopener\">Fatesg<\/a> promove Jornada de tecnol\u00f3gia. As atividades ser\u00e3o desenvolvidas por docentes da unidade, al\u00e9m de colaboradores e consultores de v\u00e1rias empresas da \u00e1rea de tecnologia da informa\u00e7\u00e3o. Durante o evento, a CK Inform\u00e1tica ir\u00e1 apresentar seus produtos e servi\u00e7os aos participantes da jornada. As oficinas t\u00eam vagas limitadas. Mais informa\u00e7\u00f5es pelo telefone 3269-1200.<\/p>\n<p style=\"text-align: center;\"><a onclick=\"javascript:pageTracker._trackPageview('\/outgoing\/img3.imageshack.us\/img3\/4647\/iiijornadatenologicafat.jpg');\"  href=\"https:\/\/i0.wp.com\/img3.imageshack.us\/img3\/4647\/iiijornadatenologicafat.jpg\" target=\"_blank\" rel=\"noopener\"><img data-recalc-dims=\"1\" loading=\"lazy\" decoding=\"async\" class=\"aligncenter\" src=\"https:\/\/i0.wp.com\/img3.imageshack.us\/img3\/4647\/iiijornadatenologicafat.jpg?resize=519%2C730\" alt=\"\" width=\"519\" height=\"730\" \/><\/a><\/p>\n<p style=\"text-align: left;\">AFK<\/p>\n","protected":false},"excerpt":{"rendered":"<p>A Fatesg promove Jornada de tecnol\u00f3gia. As atividades ser\u00e3o desenvolvidas por docentes da unidade, al\u00e9m de colaboradores e consultores de v\u00e1rias empresas da \u00e1rea de tecnologia da informa\u00e7\u00e3o. Durante o evento, a CK Inform\u00e1tica ir\u00e1 apresentar seus produtos e servi\u00e7os aos participantes da jornada. As oficinas t\u00eam vagas limitadas. Mais informa\u00e7\u00f5es pelo telefone 3269-1200. AFK<\/p>\n","protected":false},"author":1,"featured_media":0,"comment_status":"open","ping_status":"open","sticky":false,"template":"","format":"standard","meta":{"jetpack_post_was_ever_published":false,"_jetpack_newsletter_access":"","_jetpack_dont_email_post_to_subs":false,"_jetpack_newsletter_tier_id":0,"_jetpack_memberships_contains_paywalled_content":false,"_jetpack_memberships_contains_paid_content":false,"footnotes":"","jetpack_publicize_message":"","jetpack_publicize_feature_enabled":true,"jetpack_social_post_already_shared":false,"jetpack_social_options":{"image_generator_settings":{"template":"highway","default_image_id":0,"font":"","enabled":false},"version":2}},"categories":[7,1],"tags":[219,64,125,154],"class_list":["post-214","post","type-post","status-publish","format-standard","hentry","category-cultura","category-dia","tag-cultura","tag-evento","tag-oficinas","tag-palestras"],"jetpack_publicize_connections":[],"jetpack_featured_media_url":"","jetpack_shortlink":"https:\/\/wp.me\/p3oatH-3s","jetpack_sharing_enabled":true,"_links":{"self":[{"href":"https:\/\/cleciooliveira.eti.br\/blog\/wp-json\/wp\/v2\/posts\/214","targetHints":{"allow":["GET"]}}],"collection":[{"href":"https:\/\/cleciooliveira.eti.br\/blog\/wp-json\/wp\/v2\/posts"}],"about":[{"href":"https:\/\/cleciooliveira.eti.br\/blog\/wp-json\/wp\/v2\/types\/post"}],"author":[{"embeddable":true,"href":"https:\/\/cleciooliveira.eti.br\/blog\/wp-json\/wp\/v2\/users\/1"}],"replies":[{"embeddable":true,"href":"https:\/\/cleciooliveira.eti.br\/blog\/wp-json\/wp\/v2\/comments?post=214"}],"version-history":[{"count":8,"href":"https:\/\/cleciooliveira.eti.br\/blog\/wp-json\/wp\/v2\/posts\/214\/revisions"}],"predecessor-version":[{"id":218,"href":"https:\/\/cleciooliveira.eti.br\/blog\/wp-json\/wp\/v2\/posts\/214\/revisions\/218"}],"wp:attachment":[{"href":"https:\/\/cleciooliveira.eti.br\/blog\/wp-json\/wp\/v2\/media?parent=214"}],"wp:term":[{"taxonomy":"category","embeddable":true,"href":"https:\/\/cleciooliveira.eti.br\/blog\/wp-json\/wp\/v2\/categories?post=214"},{"taxonomy":"post_tag","embeddable":true,"href":"https:\/\/cleciooliveira.eti.br\/blog\/wp-json\/wp\/v2\/tags?post=214"}],"curies":[{"name":"wp","href":"https:\/\/api.w.org\/{rel}","templated":true}]}}