{"id":22,"date":"2008-06-01T08:44:17","date_gmt":"2008-06-01T11:44:17","guid":{"rendered":"http:\/\/cleciooliveira.eti.br\/blog\/?p=22"},"modified":"2008-06-17T03:06:15","modified_gmt":"2008-06-17T06:06:15","slug":"forum-goiano-de-software-livre-relatorio","status":"publish","type":"post","link":"https:\/\/cleciooliveira.eti.br\/blog\/2008\/06\/01\/forum-goiano-de-software-livre-relatorio\/","title":{"rendered":"F\u00f3rum Goiano de Software Livre &#8211; (Relat\u00f3rio)"},"content":{"rendered":"<p>Aconteceu ontem o 5\u00b0 Forum Goiano de Software Livre, al\u00e9m das palestras de alto n\u00edvel foi bastante agrad\u00e1vel reencontrar bons colegas e conhecer outros (pessoalmente) que s\u00f3 batia papo pela grande rede.<br \/>\nMinha trajet\u00f3ria pelo evento come\u00e7ou \u00e0s 10:30 com a palestra de Jo\u00e3o Felipe sobre Usabilidade e acessibilidade em sistemas Web. Logo em seguida assisti mais uma palestra, agora sobre Desenvolvimento WEB sem frescura: Do Python \u00e0 C palestrante Gabriel Fal\u00e7\u00e3o. Ap\u00f3s ao almo\u00e7o, fui em duas oficinas: Novas Metodologias, Ferramentas e WEB Sem\u00e2ntica e Desenvolvimento Web do jeito certo &#8211; Padr\u00f5es W3C, todas ministradas pelo Grupo <a onclick=\"javascript:pageTracker._trackPageview('\/outgoing\/www.gophp.com.br\/');\"  href=\"http:\/\/www.gophp.com.br\/\" title=\"Ir para p\u00e1gina do Grupo GOPHP\" target=\"_blank\" rel=\"noopener\">GOPHP<\/a> que tamb\u00e9m fa\u00e7o parte \ud83d\ude42 . Depois fiquei andando pra l\u00e1 e pra c\u00e1, reencontrando e conhecendo colegas como disse acima.<br \/>\nDeu pra perceber que todos os eventos que participei foi relacionado a Web? Isso tem um motivo, na empresa a qual eu trabalho o desenvolvimento Web e de Web Sites s\u00e3o feito por mim, ent\u00e3o resolvi assistir a essas palestras para adquirir mais conhecimentos, e o objetivo foi alcan\u00e7ado, vi muita coisa interessante.<br \/>\nAgora aguardar e ver o que vai rolar daqui pra frente.<\/p>\n","protected":false},"excerpt":{"rendered":"<p>Aconteceu ontem o 5\u00b0 Forum Goiano de Software Livre, al\u00e9m das palestras de alto n\u00edvel foi bastante agrad\u00e1vel reencontrar bons colegas e conhecer outros (pessoalmente) que s\u00f3 batia papo pela grande rede. Minha trajet\u00f3ria pelo evento come\u00e7ou \u00e0s 10:30 com a palestra de Jo\u00e3o Felipe sobre Usabilidade e acessibilidade em sistemas Web. Logo em seguida [&hellip;]<\/p>\n","protected":false},"author":1,"featured_media":0,"comment_status":"open","ping_status":"open","sticky":false,"template":"","format":"standard","meta":{"jetpack_post_was_ever_published":false,"_jetpack_newsletter_access":"","_jetpack_dont_email_post_to_subs":false,"_jetpack_newsletter_tier_id":0,"_jetpack_memberships_contains_paywalled_content":false,"_jetpack_memberships_contains_paid_content":false,"footnotes":"","jetpack_publicize_message":"","jetpack_publicize_feature_enabled":true,"jetpack_social_post_already_shared":false,"jetpack_social_options":{"image_generator_settings":{"template":"highway","default_image_id":0,"font":"","enabled":false},"version":2}},"categories":[1],"tags":[56,36],"class_list":["post-22","post","type-post","status-publish","format-standard","hentry","category-dia","tag-forum","tag-software-livre"],"jetpack_publicize_connections":[],"jetpack_featured_media_url":"","jetpack_shortlink":"https:\/\/wp.me\/p3oatH-m","jetpack_sharing_enabled":true,"_links":{"self":[{"href":"https:\/\/cleciooliveira.eti.br\/blog\/wp-json\/wp\/v2\/posts\/22","targetHints":{"allow":["GET"]}}],"collection":[{"href":"https:\/\/cleciooliveira.eti.br\/blog\/wp-json\/wp\/v2\/posts"}],"about":[{"href":"https:\/\/cleciooliveira.eti.br\/blog\/wp-json\/wp\/v2\/types\/post"}],"author":[{"embeddable":true,"href":"https:\/\/cleciooliveira.eti.br\/blog\/wp-json\/wp\/v2\/users\/1"}],"replies":[{"embeddable":true,"href":"https:\/\/cleciooliveira.eti.br\/blog\/wp-json\/wp\/v2\/comments?post=22"}],"version-history":[{"count":0,"href":"https:\/\/cleciooliveira.eti.br\/blog\/wp-json\/wp\/v2\/posts\/22\/revisions"}],"wp:attachment":[{"href":"https:\/\/cleciooliveira.eti.br\/blog\/wp-json\/wp\/v2\/media?parent=22"}],"wp:term":[{"taxonomy":"category","embeddable":true,"href":"https:\/\/cleciooliveira.eti.br\/blog\/wp-json\/wp\/v2\/categories?post=22"},{"taxonomy":"post_tag","embeddable":true,"href":"https:\/\/cleciooliveira.eti.br\/blog\/wp-json\/wp\/v2\/tags?post=22"}],"curies":[{"name":"wp","href":"https:\/\/api.w.org\/{rel}","templated":true}]}}