{"id":23,"date":"2008-06-15T12:15:37","date_gmt":"2008-06-15T15:15:37","guid":{"rendered":"http:\/\/cleciooliveira.eti.br\/blog\/?p=23"},"modified":"2022-08-18T17:33:11","modified_gmt":"2022-08-18T20:33:11","slug":"esta-chegando-o-download-day","status":"publish","type":"post","link":"https:\/\/cleciooliveira.eti.br\/blog\/2008\/06\/15\/esta-chegando-o-download-day\/","title":{"rendered":"Est\u00e1 chegando o Download Day!"},"content":{"rendered":"<p style=\"text-align: center;\"><a onclick=\"javascript:pageTracker._trackPageview('\/downloads\/blog\/wp-content\/uploads\/2008\/06\/2585679011_76a67f51d6.jpg');\"  href=\"https:\/\/i0.wp.com\/cleciooliveira.eti.br\/blog\/wp-content\/uploads\/2008\/06\/2585679011_76a67f51d6.jpg?ssl=1\"><img data-recalc-dims=\"1\" loading=\"lazy\" decoding=\"async\" data-attachment-id=\"745\" data-permalink=\"https:\/\/cleciooliveira.eti.br\/blog\/2008\/06\/15\/esta-chegando-o-download-day\/2585679011_76a67f51d6\/\" data-orig-file=\"https:\/\/i0.wp.com\/cleciooliveira.eti.br\/blog\/wp-content\/uploads\/2008\/06\/2585679011_76a67f51d6.jpg?fit=346%2C281&amp;ssl=1\" data-orig-size=\"346,281\" data-comments-opened=\"1\" data-image-meta=\"{&quot;aperture&quot;:&quot;0&quot;,&quot;credit&quot;:&quot;&quot;,&quot;camera&quot;:&quot;&quot;,&quot;caption&quot;:&quot;&quot;,&quot;created_timestamp&quot;:&quot;0&quot;,&quot;copyright&quot;:&quot;&quot;,&quot;focal_length&quot;:&quot;0&quot;,&quot;iso&quot;:&quot;0&quot;,&quot;shutter_speed&quot;:&quot;0&quot;,&quot;title&quot;:&quot;&quot;,&quot;orientation&quot;:&quot;0&quot;}\" data-image-title=\"2585679011_76a67f51d6\" data-image-description=\"\" data-image-caption=\"\" data-large-file=\"https:\/\/i0.wp.com\/cleciooliveira.eti.br\/blog\/wp-content\/uploads\/2008\/06\/2585679011_76a67f51d6.jpg?fit=346%2C281&amp;ssl=1\" class=\"aligncenter size-medium wp-image-745\" src=\"https:\/\/i0.wp.com\/cleciooliveira.eti.br\/blog\/wp-content\/uploads\/2008\/06\/2585679011_76a67f51d6.jpg?resize=300%2C244&#038;ssl=1\" alt=\"\" width=\"300\" height=\"244\" srcset=\"https:\/\/i0.wp.com\/cleciooliveira.eti.br\/blog\/wp-content\/uploads\/2008\/06\/2585679011_76a67f51d6.jpg?resize=300%2C244&amp;ssl=1 300w, https:\/\/i0.wp.com\/cleciooliveira.eti.br\/blog\/wp-content\/uploads\/2008\/06\/2585679011_76a67f51d6.jpg?w=346&amp;ssl=1 346w\" sizes=\"auto, (max-width: 300px) 100vw, 300px\" \/><\/a><\/p>\n<p>Definido o dia do <a onclick=\"javascript:pageTracker._trackPageview('\/outgoing\/www.spreadfirefox.com\/pt-BR\/worldrecord');\" title=\"Firefox Download Day\"  href=\"http:\/\/www.spreadfirefox.com\/pt-BR\/worldrecord\" target=\"_blank\" rel=\"noopener\">Firefox Day<\/a>, acontecer\u00e1 nesta ter\u00e7a-feira dia 17 dia do lan\u00e7amento oficial do Firefox 3.0, que tenta colocar o Firefox no Livro de Recordes como o software mais baixado em 24 hs. Para maiores informa\u00e7\u00f5es de como participar o post anterior a este assunto: <a title=\"Firefox Download Day\" href=\"\/\/cleciooliveira.eti.br\/blog\/2008\/05\/30\/firefox-download-day\/\" target=\"_blank\" rel=\"noopener\">Firefox Download Day<\/a>.<br \/>\nAqui no Brasil o in\u00edcio da contagem dos downloads ser\u00e1 durante a tarde, j\u00e1 que a contagem oficial vai ter in\u00edcio entre 1:00 &#8211; 2:00 pm no hor\u00e1rio da Calif\u00f3rnia. Levando em considera\u00e7\u00e3o a quantidade de inscritos que prometem baixar o Firefox no dia 17 (que j\u00e1 passa de 1 milh\u00e3o) e que o Brasil est\u00e1 em terceiro lugar em n\u00famero de interesses, creio que iremos alcan\u00e7ar o objetivo do Firefox Download Day.<br \/>\nOs Brasileiros com seu marketing e sua colabora\u00e7\u00e3o (blog, feeds, e-mails, lista de discurs\u00e3o e at\u00e9 o pr\u00f3prio orkut) foi de grande import\u00e2ncia para que esse terceiro lugar fosse alcan\u00e7ado.<\/p>\n<p>Pr\u00eamios aqui no Brasil, a comunidade Mozilla no Brasil tamb\u00e9m est\u00e1 organizando uma enquete. Quem no Brasil chegar mais pr\u00f3ximo do n\u00famero final de downloads ir\u00e1 ganhar uma mochila e uma camiseta do Firefox.<\/p>\n<p>Visite:<a onclick=\"javascript:pageTracker._trackPageview('\/outgoing\/www.spreadfirefox.com\/pt-BR\/worldrecord');\"  href=\"http:\/\/www.spreadfirefox.com\/pt-BR\/worldrecord\" target=\"_blank\" rel=\"noopener\"> Site Oficial do Firefox Day<\/a> | <a onclick=\"javascript:pageTracker._trackPageview('\/outgoing\/br.mozdev.org\/drupal\/2008\/06\/enquete-download-day');\"  href=\"http:\/\/br.mozdev.org\/drupal\/2008\/06\/enquete-download-day\" target=\"_blank\" rel=\"noopener\">Enquete da Comunidade Mozilla Brasil<\/a><\/p>\n<p>Veja tamb\u00e9m a <a onclick=\"javascript:pageTracker._trackPageview('\/outgoing\/www.orkut.com\/Community.aspx?cmm=54501993&amp;refresh=1');\"  href=\"http:\/\/www.orkut.com\/Community.aspx?cmm=54501993&amp;refresh=1\" target=\"_blank\" rel=\"noopener\">Comunidade do Download Day no Orkut<\/a>.<\/p>\n","protected":false},"excerpt":{"rendered":"<p>Definido o dia do Firefox Day, acontecer\u00e1 nesta ter\u00e7a-feira dia 17 dia do lan\u00e7amento oficial do Firefox 3.0, que tenta colocar o Firefox no Livro de Recordes como o software mais baixado em 24 hs. Para maiores informa\u00e7\u00f5es de como participar o post anterior a este assunto: Firefox Download Day. Aqui no Brasil o in\u00edcio [&hellip;]<\/p>\n","protected":false},"author":1,"featured_media":0,"comment_status":"open","ping_status":"open","sticky":false,"template":"","format":"standard","meta":{"jetpack_post_was_ever_published":false,"_jetpack_newsletter_access":"","_jetpack_dont_email_post_to_subs":false,"_jetpack_newsletter_tier_id":0,"_jetpack_memberships_contains_paywalled_content":false,"_jetpack_memberships_contains_paid_content":false,"footnotes":"","jetpack_publicize_message":"","jetpack_publicize_feature_enabled":true,"jetpack_social_post_already_shared":false,"jetpack_social_options":{"image_generator_settings":{"template":"highway","default_image_id":0,"font":"","enabled":false},"version":2}},"categories":[1],"tags":[64,60,36],"class_list":["post-23","post","type-post","status-publish","format-standard","hentry","category-dia","tag-evento","tag-firefox","tag-software-livre"],"jetpack_publicize_connections":[],"jetpack_featured_media_url":"","jetpack_shortlink":"https:\/\/wp.me\/p3oatH-n","jetpack_sharing_enabled":true,"_links":{"self":[{"href":"https:\/\/cleciooliveira.eti.br\/blog\/wp-json\/wp\/v2\/posts\/23","targetHints":{"allow":["GET"]}}],"collection":[{"href":"https:\/\/cleciooliveira.eti.br\/blog\/wp-json\/wp\/v2\/posts"}],"about":[{"href":"https:\/\/cleciooliveira.eti.br\/blog\/wp-json\/wp\/v2\/types\/post"}],"author":[{"embeddable":true,"href":"https:\/\/cleciooliveira.eti.br\/blog\/wp-json\/wp\/v2\/users\/1"}],"replies":[{"embeddable":true,"href":"https:\/\/cleciooliveira.eti.br\/blog\/wp-json\/wp\/v2\/comments?post=23"}],"version-history":[{"count":1,"href":"https:\/\/cleciooliveira.eti.br\/blog\/wp-json\/wp\/v2\/posts\/23\/revisions"}],"predecessor-version":[{"id":746,"href":"https:\/\/cleciooliveira.eti.br\/blog\/wp-json\/wp\/v2\/posts\/23\/revisions\/746"}],"wp:attachment":[{"href":"https:\/\/cleciooliveira.eti.br\/blog\/wp-json\/wp\/v2\/media?parent=23"}],"wp:term":[{"taxonomy":"category","embeddable":true,"href":"https:\/\/cleciooliveira.eti.br\/blog\/wp-json\/wp\/v2\/categories?post=23"},{"taxonomy":"post_tag","embeddable":true,"href":"https:\/\/cleciooliveira.eti.br\/blog\/wp-json\/wp\/v2\/tags?post=23"}],"curies":[{"name":"wp","href":"https:\/\/api.w.org\/{rel}","templated":true}]}}