{"id":32,"date":"2008-08-03T19:35:26","date_gmt":"2008-08-03T22:35:26","guid":{"rendered":"http:\/\/cleciooliveira.eti.br\/blog\/?p=32"},"modified":"2008-08-15T13:10:55","modified_gmt":"2008-08-15T16:10:55","slug":"32","status":"publish","type":"post","link":"https:\/\/cleciooliveira.eti.br\/blog\/2008\/08\/03\/32\/","title":{"rendered":"Cobaia rodando Arch"},"content":{"rendered":"<p>De volta a ativa (deve ter percebido que estava um pouco sumido, f\u00e9riaaass pelo menos da facu n\u00e9), estou aqui para anunciar que meu cobaia est\u00e1 pronto. Para quem n\u00e3o sabe ainda o que \u00e9 o meu cobaia \u00e9 um PC que agora tenho aqui em casa no qual utilizo quando quero fazer ou testar algo sem ser na minha m\u00e1quina usual. Vamos dizer que \u00e9 um ambiente de teste, e n\u00e3o de produ\u00e7\u00e3o como existe em ambientes de desenvolvimento. Minha cobaia, possui as seguintes configura\u00e7\u00f5es: AMD Duron 950 por\u00e9m rodando a 1.2 (overclock), HD Sansung de 20 GB, 768 de Mem\u00f3ria, video Nvidia TNT2 64 e Placa M\u00e3e ECS k7s5a.<br \/>\nGostei muito do Arch rodando nessa m\u00e1quina muito leve e r\u00e1pido\u00a0 \u00e9 l\u00f3gico j\u00e1 que s\u00e3o suas caracteristicas, agora posso fazer alguns teste e assim ajudar mais a comunidade \ud83d\ude00<br \/>\nSegue abaixo a screen do meu Cobaia.<\/p>\n<p style=\"text-align: center;\"><a onclick=\"javascript:pageTracker._trackPageview('\/outgoing\/img181.imageshack.us\/img181\/1021\/sreencobaiaarcheh6.jpg');\" title=\"Screen do Cobaia\"  href=\"https:\/\/i0.wp.com\/img181.imageshack.us\/img181\/1021\/sreencobaiaarcheh6.jpg\" target=\"_blank\" rel=\"noopener\"><img data-recalc-dims=\"1\" loading=\"lazy\" decoding=\"async\" src=\"https:\/\/i0.wp.com\/img181.imageshack.us\/img181\/1021\/sreencobaiaarcheh6.jpg?resize=385%2C238\" alt=\"Screen do Cobaia\" width=\"385\" height=\"238\" \/><\/a><\/p>\n","protected":false},"excerpt":{"rendered":"<p>De volta a ativa (deve ter percebido que estava um pouco sumido, f\u00e9riaaass pelo menos da facu n\u00e9), estou aqui para anunciar que meu cobaia est\u00e1 pronto. Para quem n\u00e3o sabe ainda o que \u00e9 o meu cobaia \u00e9 um PC que agora tenho aqui em casa no qual utilizo quando quero fazer ou testar [&hellip;]<\/p>\n","protected":false},"author":1,"featured_media":0,"comment_status":"open","ping_status":"open","sticky":false,"template":"","format":"standard","meta":{"jetpack_post_was_ever_published":false,"_jetpack_newsletter_access":"","_jetpack_dont_email_post_to_subs":false,"_jetpack_newsletter_tier_id":0,"_jetpack_memberships_contains_paywalled_content":false,"_jetpack_memberships_contains_paid_content":false,"footnotes":"","jetpack_publicize_message":"","jetpack_publicize_feature_enabled":true,"jetpack_social_post_already_shared":false,"jetpack_social_options":{"image_generator_settings":{"template":"highway","default_image_id":0,"font":"","enabled":false},"version":2}},"categories":[1],"tags":[16,83,84,44],"class_list":["post-32","post","type-post","status-publish","format-standard","hentry","category-dia","tag-archlinux","tag-cobaia","tag-screen","tag-screenshot"],"jetpack_publicize_connections":[],"jetpack_featured_media_url":"","jetpack_shortlink":"https:\/\/wp.me\/s3oatH-32","jetpack_sharing_enabled":true,"_links":{"self":[{"href":"https:\/\/cleciooliveira.eti.br\/blog\/wp-json\/wp\/v2\/posts\/32","targetHints":{"allow":["GET"]}}],"collection":[{"href":"https:\/\/cleciooliveira.eti.br\/blog\/wp-json\/wp\/v2\/posts"}],"about":[{"href":"https:\/\/cleciooliveira.eti.br\/blog\/wp-json\/wp\/v2\/types\/post"}],"author":[{"embeddable":true,"href":"https:\/\/cleciooliveira.eti.br\/blog\/wp-json\/wp\/v2\/users\/1"}],"replies":[{"embeddable":true,"href":"https:\/\/cleciooliveira.eti.br\/blog\/wp-json\/wp\/v2\/comments?post=32"}],"version-history":[{"count":0,"href":"https:\/\/cleciooliveira.eti.br\/blog\/wp-json\/wp\/v2\/posts\/32\/revisions"}],"wp:attachment":[{"href":"https:\/\/cleciooliveira.eti.br\/blog\/wp-json\/wp\/v2\/media?parent=32"}],"wp:term":[{"taxonomy":"category","embeddable":true,"href":"https:\/\/cleciooliveira.eti.br\/blog\/wp-json\/wp\/v2\/categories?post=32"},{"taxonomy":"post_tag","embeddable":true,"href":"https:\/\/cleciooliveira.eti.br\/blog\/wp-json\/wp\/v2\/tags?post=32"}],"curies":[{"name":"wp","href":"https:\/\/api.w.org\/{rel}","templated":true}]}}