{"id":412,"date":"2011-06-08T15:00:17","date_gmt":"2011-06-08T18:00:17","guid":{"rendered":"http:\/\/cleciooliveira.eti.br\/blog\/?p=412"},"modified":"2022-08-18T15:59:45","modified_gmt":"2022-08-18T18:59:45","slug":"ipv6-hoje-e-seu-dia","status":"publish","type":"post","link":"https:\/\/cleciooliveira.eti.br\/blog\/2011\/06\/08\/ipv6-hoje-e-seu-dia\/","title":{"rendered":"IPv6, hoje \u00e9 seu dia"},"content":{"rendered":"<p>Afim de testar o IPv6? <a onclick=\"javascript:pageTracker._trackPageview('\/outgoing\/br-linux.org\/2011\/hoje-e-o-dia-mundial-do-ipv6-comemore-com-informacao\/');\" title=\"ir para BR-Linux - dia mundial do IPv6\"  href=\"http:\/\/br-linux.org\/2011\/hoje-e-o-dia-mundial-do-ipv6-comemore-com-informacao\/\" target=\"_blank\" rel=\"noopener\">Hoje \u00e9 o dia<\/a>. No Dia Mundial do IPv6, v\u00e1rias empresas ir\u00e3o disponibilizar seus servi\u00e7os e conte\u00fado em IPv6.<br \/>\nAproveito esse dia para disponibilizar meu pequeno artigo sobre IPv6, inaugurando assim mais uma nova categoria no blog, trabalhos acad\u00eamicos. \u00a0A medida que encontrar meus trabalhos acad\u00eamicos\u00a0<del>espalhados pelos meus hds<\/del> irei disponibilizar aqui, espero que de alguma forma sirva de pesquisa e\/ou estudo para voc\u00eas.<\/p>\n<p>Segue abaixo o pequeno artigo sobre IPv6, para maiores informa\u00e7\u00f5es sobre IPv6 visite\u00a0<a onclick=\"javascript:pageTracker._trackPageview('\/outgoing\/www.ipv6.br\/');\"  href=\"http:\/\/www.ipv6.br\/\" target=\"_blank\" rel=\"noopener\">IPv6.br<\/a>.<\/p>\n<div id=\"__ss_8512636\" style=\"width: 660px;\">\n<div style=\"padding: 5px 0 12px;\">\n<p><iframe loading=\"lazy\" title=\"Artigo ipv6\" src=\"https:\/\/www.slideshare.net\/slideshow\/embed_code\/key\/AoG1uH3xlymXTL\" width=\"479\" height=\"511\" frameborder=\"0\" marginwidth=\"0\" marginheight=\"0\" scrolling=\"no\" style=\"border:1px solid #CCC; border-width:1px; margin-bottom:5px; max-width: 100%;\" allowfullscreen> <\/iframe> <\/p>\n<div style=\"margin-bottom:5px\"> <strong> <a onclick=\"javascript:pageTracker._trackPageview('\/outgoing\/pt.slideshare.net\/cleciooliveira\/artigo-ipv6');\"  href=\"https:\/\/pt.slideshare.net\/cleciooliveira\/artigo-ipv6\" title=\"Artigo ipv6\" target=\"_blank\" rel=\"noopener\">Artigo ipv6<\/a> <\/strong> from <strong><a onclick=\"javascript:pageTracker._trackPageview('\/outgoing\/www.slideshare.net\/cleciooliveira');\"  href=\"https:\/\/www.slideshare.net\/cleciooliveira\" target=\"_blank\" rel=\"noopener\">Cl\u00e9cio Oliveira<\/a><\/strong> <\/div>\n<\/div>\n<\/div>\n<p>AFK<\/p>\n","protected":false},"excerpt":{"rendered":"<p>Afim de testar o IPv6? Hoje \u00e9 o dia. No Dia Mundial do IPv6, v\u00e1rias empresas ir\u00e3o disponibilizar seus servi\u00e7os e conte\u00fado em IPv6. Aproveito esse dia para disponibilizar meu pequeno artigo sobre IPv6, inaugurando assim mais uma nova categoria no blog, trabalhos acad\u00eamicos. \u00a0A medida que encontrar meus trabalhos acad\u00eamicos\u00a0espalhados pelos meus hds irei [&hellip;]<\/p>\n","protected":false},"author":1,"featured_media":0,"comment_status":"open","ping_status":"open","sticky":false,"template":"","format":"standard","meta":{"jetpack_post_was_ever_published":false,"_jetpack_newsletter_access":"","_jetpack_dont_email_post_to_subs":false,"_jetpack_newsletter_tier_id":0,"_jetpack_memberships_contains_paywalled_content":false,"_jetpack_memberships_contains_paid_content":false,"footnotes":"","jetpack_publicize_message":"","jetpack_publicize_feature_enabled":true,"jetpack_social_post_already_shared":false,"jetpack_social_options":{"image_generator_settings":{"template":"highway","default_image_id":0,"font":"","enabled":false},"version":2}},"categories":[7,1,165,184],"tags":[],"class_list":["post-412","post","type-post","status-publish","format-standard","hentry","category-cultura","category-dia","category-eventos","category-trabalhos-academicos"],"jetpack_publicize_connections":[],"jetpack_featured_media_url":"","jetpack_shortlink":"https:\/\/wp.me\/p3oatH-6E","jetpack_sharing_enabled":true,"_links":{"self":[{"href":"https:\/\/cleciooliveira.eti.br\/blog\/wp-json\/wp\/v2\/posts\/412","targetHints":{"allow":["GET"]}}],"collection":[{"href":"https:\/\/cleciooliveira.eti.br\/blog\/wp-json\/wp\/v2\/posts"}],"about":[{"href":"https:\/\/cleciooliveira.eti.br\/blog\/wp-json\/wp\/v2\/types\/post"}],"author":[{"embeddable":true,"href":"https:\/\/cleciooliveira.eti.br\/blog\/wp-json\/wp\/v2\/users\/1"}],"replies":[{"embeddable":true,"href":"https:\/\/cleciooliveira.eti.br\/blog\/wp-json\/wp\/v2\/comments?post=412"}],"version-history":[{"count":21,"href":"https:\/\/cleciooliveira.eti.br\/blog\/wp-json\/wp\/v2\/posts\/412\/revisions"}],"predecessor-version":[{"id":739,"href":"https:\/\/cleciooliveira.eti.br\/blog\/wp-json\/wp\/v2\/posts\/412\/revisions\/739"}],"wp:attachment":[{"href":"https:\/\/cleciooliveira.eti.br\/blog\/wp-json\/wp\/v2\/media?parent=412"}],"wp:term":[{"taxonomy":"category","embeddable":true,"href":"https:\/\/cleciooliveira.eti.br\/blog\/wp-json\/wp\/v2\/categories?post=412"},{"taxonomy":"post_tag","embeddable":true,"href":"https:\/\/cleciooliveira.eti.br\/blog\/wp-json\/wp\/v2\/tags?post=412"}],"curies":[{"name":"wp","href":"https:\/\/api.w.org\/{rel}","templated":true}]}}