{"id":456,"date":"2011-12-08T00:25:11","date_gmt":"2011-12-08T03:25:11","guid":{"rendered":"http:\/\/cleciooliveira.eti.br\/blog\/?p=456"},"modified":"2022-08-18T15:55:50","modified_gmt":"2022-08-18T18:55:50","slug":"8-forum-goiano-de-software-livre","status":"publish","type":"post","link":"https:\/\/cleciooliveira.eti.br\/blog\/2011\/12\/08\/8-forum-goiano-de-software-livre\/","title":{"rendered":"8\u00ba F\u00f3rum Goiano de Software Livre"},"content":{"rendered":"<p style=\"text-align: center;\"><a href=\"http:\/\/imageshack.us\/photo\/my-images\/713\/37756132403891761126810.jpg\/\" target=\"_blank\" rel=\"noopener\"><br \/>\n<\/a><a onclick=\"javascript:pageTracker._trackPageview('\/outgoing\/fgsl.aslgo.org.br\/fgsl2011\/');\"  href=\"http:\/\/fgsl.aslgo.org.br\/fgsl2011\/\" target=\"_blank\" rel=\"noopener\"><img data-recalc-dims=\"1\" loading=\"lazy\" decoding=\"async\" class=\"aligncenter\" title=\"Banner 8 F\u00f3rum Goiano de Software Livre\" src=\"http:\/\/diariodeuminformata.files.wordpress.com\/2011\/10\/banner_250x250.jpg?resize=250%2C250\" alt=\"\" width=\"250\" height=\"250\" \/><\/a><\/p>\n<p>Ol\u00e1 pessoal, um pouco atrasado mas sempre na ativa. Voc\u00eas v\u00e3o entender o meu sumi\u00e7o a medida que eu for postando mais artigo, tutorias, etc.<br \/>\nBem, aconteceu no dia <a onclick=\"javascript:pageTracker._trackPageview('\/outgoing\/fgsl.aslgo.org.br\/fgsl2011\/');\" title=\"ir para a p\u00e1gina inicial do Forum Goiano de Software Livre\"  href=\"http:\/\/fgsl.aslgo.org.br\/fgsl2011\/\" target=\"_blank\" rel=\"noopener\">19 de Novembro o 8 F\u00f3rum Goiano de Software Livre<\/a>. Mais uma vez\u00a0est\u00e1vamos\u00a0presente representando nossa querida Distribui\u00e7\u00e3o <a onclick=\"javascript:pageTracker._trackPageview('\/outgoing\/www.archlinux-br.org');\" title=\"ir para a p\u00e1gina do Arch Linux-BR\"  href=\"http:\/\/www.archlinux-br.org\" target=\"_blank\" rel=\"noopener\">Arch Linux<\/a>.<br \/>\nDessa vez a maioria dos interessados eram estudantes do <a onclick=\"javascript:pageTracker._trackPageview('\/outgoing\/www.ifg.edu.br\/index.php');\" title=\"ir para a p\u00e1gina do Instituto Federal de Goi\u00e1s\"  href=\"http:\/\/www.ifg.edu.br\/index.php\" target=\"_blank\" rel=\"noopener\">IFG &#8211; Instituto Federal de Goi\u00e1s<\/a>, \u00a0algo que me deixou contente mesmo tendo que moderar alguns assuntos mais complexos em rela\u00e7\u00e3o a distro. O motivo desse entusiasmo \u00e9 a oportunidade que tive, em uma Regi\u00e3o dominada por distribui\u00e7\u00f5es Debian-Like pude levar um pouco do <a onclick=\"javascript:pageTracker._trackPageview('\/outgoing\/www.archlinux-br.org');\" title=\"ir para a p\u00e1gina do Arch Linux-BR\"  href=\"http:\/\/www.archlinux-br.org\" target=\"_blank\" rel=\"noopener\">Arch Linux<\/a> para as novas sementes do mundo virtual, os novos Geeks, desenvolvedores, engenheiros, enfim, para a nova mo\u00e7a da \u00c1rea de TI que est\u00e3o chegando.<\/p>\n<p><a onclick=\"javascript:pageTracker._trackPageview('\/outgoing\/imageshack.us\/photo\/my-images\/202\/31662932403879761128010.jpg\/');\"  href=\"https:\/\/i0.wp.com\/imageshack.us\/photo\/my-images\/202\/31662932403879761128010.jpg\/\" target=\"_blank\" rel=\"noopener\"><img data-recalc-dims=\"1\" loading=\"lazy\" decoding=\"async\" class=\"alignright\" src=\"https:\/\/i0.wp.com\/img202.imageshack.us\/img202\/3338\/31662932403879761128010.jpg?resize=259%2C194\" alt=\"\" width=\"259\" height=\"194\" \/><\/a><a onclick=\"javascript:pageTracker._trackPageview('\/outgoing\/imageshack.us\/photo\/my-images\/685\/31853032403886094460710.jpg\/');\"  href=\"https:\/\/i0.wp.com\/imageshack.us\/photo\/my-images\/685\/31853032403886094460710.jpg\/\" target=\"_blank\" rel=\"noopener\"><img data-recalc-dims=\"1\" loading=\"lazy\" decoding=\"async\" class=\"alignleft\" src=\"https:\/\/i0.wp.com\/img685.imageshack.us\/img685\/1601\/31853032403886094460710.jpg?resize=259%2C194\" alt=\"\" width=\"259\" height=\"194\" \/><\/a><a onclick=\"javascript:pageTracker._trackPageview('\/outgoing\/imageshack.us\/photo\/my-images\/713\/37756132403891761126810.jpg\/');\"  href=\"https:\/\/i0.wp.com\/imageshack.us\/photo\/my-images\/713\/37756132403891761126810.jpg\/\" target=\"_blank\" rel=\"noopener\"><img data-recalc-dims=\"1\" loading=\"lazy\" decoding=\"async\" class=\"aligncenter\" src=\"https:\/\/i0.wp.com\/img713.imageshack.us\/img713\/7260\/37756132403891761126810.jpg?resize=259%2C194\" alt=\"\" width=\"259\" height=\"194\" \/><\/a><\/p>\n<p>Foi bastante proveitoso, estamos acompanhando v\u00e1rios curiosos via <a onclick=\"javascript:pageTracker._trackPageview('\/outgoing\/www.twitter.com\/cleciooliveira');\" title=\"ir para o perfil do Twitter do Cl\u00e9cio Oliveira\"  href=\"http:\/\/www.twitter.com\/cleciooliveira\" target=\"_blank\" rel=\"noopener\">Twitter<\/a>, E-mail e at\u00e9 <a onclick=\"javascript:pageTracker._trackPageview('\/outgoing\/www.facebook.com\/cleciooliveirapinto');\" title=\"ir para o perfil do Facebook do Cl\u00e9cio Oliveira\"  href=\"http:\/\/www.facebook.com\/cleciooliveirapinto\" target=\"_blank\" rel=\"noopener\">Facebook<\/a> que est\u00e3o instalando a distro ap\u00f3s ter visto a palestra.<br \/>\nSobre os Slides da palestra continuamos no mesmo sentido do <a title=\"ir para o post do ano passado do FGSL 2010\" href=\"http:\/\/cleciooliveira.eti.br\/blog\/2010\/12\/23\/fgsl-2010-slides-da-palestra-arch-linux\/\" target=\"_blank\" rel=\"noopener\">ano passado<\/a> j\u00e1 que redeu bons elogios. A novidade ficou por conta do <a onclick=\"javascript:pageTracker._trackPageview('\/outgoing\/archlinuxbook.wordpress.com\/2011\/02\/27\/utilizando-o-arch-linux-no-desktop\/');\" title=\"ir para a p\u00e1gina do Livro do Arch Linux\"  href=\"http:\/\/archlinuxbook.wordpress.com\/2011\/02\/27\/utilizando-o-arch-linux-no-desktop\/\" target=\"_blank\" rel=\"noopener\">Livro do Arch<\/a>, que adicionei na palestra aproveitando mais esse canal para divulgar o Projeto desenvolvido pelo <a onclick=\"javascript:pageTracker._trackPageview('\/outgoing\/berlotto.blog.br\/');\" title=\"ir para o site do S\u00e9rgio Berlotto, Autor do Livro do Arch Linux\"  href=\"http:\/\/berlotto.blog.br\/\" target=\"_blank\" rel=\"noopener\">S\u00e9rgio Berlotto<\/a>. Inserimos tamb\u00e9m as novas not\u00edcias e refer\u00eancias em rela\u00e7\u00e3o a distro nos Slides, assim como pesquisas e a atual posi\u00e7\u00e3o da distro no <a onclick=\"javascript:pageTracker._trackPageview('\/outgoing\/distrowatch.com\/');\" title=\"ir para a p\u00e1gina inicial do Distrowatch\"  href=\"http:\/\/distrowatch.com\/\" target=\"_blank\" rel=\"noopener\">Distrowatch<\/a>.<\/p>\n<p>Segue abaixo, os Slides da Palestra:<\/p>\n<p><iframe loading=\"lazy\" title=\"Arch Linux FGSL 2010\" src=\"https:\/\/www.slideshare.net\/slideshow\/embed_code\/key\/JN25c4ZFQsGPOD\" width=\"427\" height=\"356\" frameborder=\"0\" marginwidth=\"0\" marginheight=\"0\" scrolling=\"no\" style=\"border:1px solid #CCC; border-width:1px; margin-bottom:5px; max-width: 100%;\" allowfullscreen> <\/iframe> <\/p>\n<div style=\"margin-bottom:5px\"> <strong> <a onclick=\"javascript:pageTracker._trackPageview('\/outgoing\/pt.slideshare.net\/cleciooliveira\/arch-linux-fgsl-2010');\"  href=\"https:\/\/pt.slideshare.net\/cleciooliveira\/arch-linux-fgsl-2010\" title=\"Arch Linux FGSL 2010\" target=\"_blank\" rel=\"noopener\">Arch Linux FGSL 2010<\/a> <\/strong> from <strong><a onclick=\"javascript:pageTracker._trackPageview('\/outgoing\/www.slideshare.net\/cleciooliveira');\"  href=\"https:\/\/www.slideshare.net\/cleciooliveira\" target=\"_blank\" rel=\"noopener\">Cl\u00e9cio Oliveira<\/a><\/strong> <\/div>\n<p>AFK<\/p>\n","protected":false},"excerpt":{"rendered":"<p>Ol\u00e1 pessoal, um pouco atrasado mas sempre na ativa. Voc\u00eas v\u00e3o entender o meu sumi\u00e7o a medida que eu for postando mais artigo, tutorias, etc. Bem, aconteceu no dia 19 de Novembro o 8 F\u00f3rum Goiano de Software Livre. Mais uma vez\u00a0est\u00e1vamos\u00a0presente representando nossa querida Distribui\u00e7\u00e3o Arch Linux. Dessa vez a maioria dos interessados eram [&hellip;]<\/p>\n","protected":false},"author":1,"featured_media":0,"comment_status":"open","ping_status":"open","sticky":false,"template":"","format":"standard","meta":{"jetpack_post_was_ever_published":false,"_jetpack_newsletter_access":"","_jetpack_dont_email_post_to_subs":false,"_jetpack_newsletter_tier_id":0,"_jetpack_memberships_contains_paywalled_content":false,"_jetpack_memberships_contains_paid_content":false,"footnotes":"","jetpack_publicize_message":"","jetpack_publicize_feature_enabled":true,"jetpack_social_post_already_shared":false,"jetpack_social_options":{"image_generator_settings":{"template":"highway","default_image_id":0,"font":"","enabled":false},"version":2}},"categories":[13,7,1,165,4],"tags":[221,64,147,63,154,36],"class_list":["post-456","post","type-post","status-publish","format-standard","hentry","category-arch-linux","category-cultura","category-dia","category-eventos","category-linux","tag-arch-linux","tag-evento","tag-fgsl","tag-forum-goiano","tag-palestras","tag-software-livre"],"jetpack_publicize_connections":[],"jetpack_featured_media_url":"","jetpack_shortlink":"https:\/\/wp.me\/p3oatH-7m","jetpack_sharing_enabled":true,"_links":{"self":[{"href":"https:\/\/cleciooliveira.eti.br\/blog\/wp-json\/wp\/v2\/posts\/456","targetHints":{"allow":["GET"]}}],"collection":[{"href":"https:\/\/cleciooliveira.eti.br\/blog\/wp-json\/wp\/v2\/posts"}],"about":[{"href":"https:\/\/cleciooliveira.eti.br\/blog\/wp-json\/wp\/v2\/types\/post"}],"author":[{"embeddable":true,"href":"https:\/\/cleciooliveira.eti.br\/blog\/wp-json\/wp\/v2\/users\/1"}],"replies":[{"embeddable":true,"href":"https:\/\/cleciooliveira.eti.br\/blog\/wp-json\/wp\/v2\/comments?post=456"}],"version-history":[{"count":5,"href":"https:\/\/cleciooliveira.eti.br\/blog\/wp-json\/wp\/v2\/posts\/456\/revisions"}],"predecessor-version":[{"id":735,"href":"https:\/\/cleciooliveira.eti.br\/blog\/wp-json\/wp\/v2\/posts\/456\/revisions\/735"}],"wp:attachment":[{"href":"https:\/\/cleciooliveira.eti.br\/blog\/wp-json\/wp\/v2\/media?parent=456"}],"wp:term":[{"taxonomy":"category","embeddable":true,"href":"https:\/\/cleciooliveira.eti.br\/blog\/wp-json\/wp\/v2\/categories?post=456"},{"taxonomy":"post_tag","embeddable":true,"href":"https:\/\/cleciooliveira.eti.br\/blog\/wp-json\/wp\/v2\/tags?post=456"}],"curies":[{"name":"wp","href":"https:\/\/api.w.org\/{rel}","templated":true}]}}