{"id":483,"date":"2011-11-17T22:59:18","date_gmt":"2011-11-18T01:59:18","guid":{"rendered":"http:\/\/cleciooliveira.eti.br\/blog\/?p=483"},"modified":"2022-08-18T15:57:54","modified_gmt":"2022-08-18T18:57:54","slug":"certificacao-itil-v3-passei","status":"publish","type":"post","link":"https:\/\/cleciooliveira.eti.br\/blog\/2011\/11\/17\/certificacao-itil-v3-passei\/","title":{"rendered":"Certifica\u00e7\u00e3o ITIL v3 &#8211; Passei"},"content":{"rendered":"<p style=\"text-align: center;\"><a href=\"https:\/\/i0.wp.com\/cleciooliveira.eti.br\/blog\/wp-content\/uploads\/2011\/11\/itil_JPG.webp?ssl=1\"><img data-recalc-dims=\"1\" loading=\"lazy\" decoding=\"async\" data-attachment-id=\"736\" data-permalink=\"https:\/\/cleciooliveira.eti.br\/blog\/2011\/11\/17\/certificacao-itil-v3-passei\/itil_jpg\/\" data-orig-file=\"https:\/\/i0.wp.com\/cleciooliveira.eti.br\/blog\/wp-content\/uploads\/2011\/11\/itil_JPG.webp?fit=569%2C520&amp;ssl=1\" data-orig-size=\"569,520\" data-comments-opened=\"1\" data-image-meta=\"{&quot;aperture&quot;:&quot;0&quot;,&quot;credit&quot;:&quot;&quot;,&quot;camera&quot;:&quot;&quot;,&quot;caption&quot;:&quot;&quot;,&quot;created_timestamp&quot;:&quot;0&quot;,&quot;copyright&quot;:&quot;&quot;,&quot;focal_length&quot;:&quot;0&quot;,&quot;iso&quot;:&quot;0&quot;,&quot;shutter_speed&quot;:&quot;0&quot;,&quot;title&quot;:&quot;&quot;,&quot;orientation&quot;:&quot;0&quot;}\" data-image-title=\"itil_JPG\" data-image-description=\"\" data-image-caption=\"\" data-large-file=\"https:\/\/i0.wp.com\/cleciooliveira.eti.br\/blog\/wp-content\/uploads\/2011\/11\/itil_JPG.webp?fit=569%2C520&amp;ssl=1\" class=\"aligncenter size-medium wp-image-736\" src=\"https:\/\/i0.wp.com\/cleciooliveira.eti.br\/blog\/wp-content\/uploads\/2011\/11\/itil_JPG.webp?resize=300%2C274&#038;ssl=1\" alt=\"\" width=\"300\" height=\"274\" srcset=\"https:\/\/i0.wp.com\/cleciooliveira.eti.br\/blog\/wp-content\/uploads\/2011\/11\/itil_JPG.webp?resize=300%2C274&amp;ssl=1 300w, https:\/\/i0.wp.com\/cleciooliveira.eti.br\/blog\/wp-content\/uploads\/2011\/11\/itil_JPG.webp?w=569&amp;ssl=1 569w\" sizes=\"auto, (max-width: 300px) 100vw, 300px\" \/><\/a><\/p>\n<p>Gostaria de compartilhar, que no \u00faltimo dia 17 fiz a prova de Certifica\u00e7\u00e3o ITIL V3 Foundation e consegui a aprova\u00e7\u00e3o com 98% de acerto.<br \/>\nO interesse surgiu no <a title=\"In\u00edcio da P\u00f3s-gradua\u00e7\u00e3o\" href=\"http:\/\/cleciooliveira.eti.br\/blog\/2009\/03\/29\/inicio-da-pos-graduacao\/\">MBA em Gest\u00e3o de Projetos<\/a>, devido a minha \u00e1rea de atua\u00e7\u00e3o assim como qualifica\u00e7\u00e3o decidi estudar e prestar tal exame.<br \/>\nMuito satisfeito com o aprendizado. Agora por em pr\u00e1tica e seguir adiante para obter mais qualifica\u00e7\u00e3o e conhecimento.<\/p>\n<p>AFK<\/p>\n<div><\/div>\n","protected":false},"excerpt":{"rendered":"<p>Gostaria de compartilhar, que no \u00faltimo dia 17 fiz a prova de Certifica\u00e7\u00e3o ITIL V3 Foundation e consegui a aprova\u00e7\u00e3o com 98% de acerto. O interesse surgiu no MBA em Gest\u00e3o de Projetos, devido a minha \u00e1rea de atua\u00e7\u00e3o assim como qualifica\u00e7\u00e3o decidi estudar e prestar tal exame. Muito satisfeito com o aprendizado. Agora por [&hellip;]<\/p>\n","protected":false},"author":1,"featured_media":0,"comment_status":"open","ping_status":"open","sticky":false,"template":"","format":"standard","meta":{"jetpack_post_was_ever_published":false,"_jetpack_newsletter_access":"","_jetpack_dont_email_post_to_subs":false,"_jetpack_newsletter_tier_id":0,"_jetpack_memberships_contains_paywalled_content":false,"_jetpack_memberships_contains_paid_content":false,"footnotes":"","jetpack_publicize_message":"","jetpack_publicize_feature_enabled":true,"jetpack_social_post_already_shared":false,"jetpack_social_options":{"image_generator_settings":{"template":"highway","default_image_id":0,"font":"","enabled":false},"version":2}},"categories":[194,1],"tags":[195],"class_list":["post-483","post","type-post","status-publish","format-standard","hentry","category-certificacao","category-dia","tag-certificacao-conhecimento-itil-carreira-qualificacao"],"jetpack_publicize_connections":[],"jetpack_featured_media_url":"","jetpack_shortlink":"https:\/\/wp.me\/p3oatH-7N","jetpack_sharing_enabled":true,"_links":{"self":[{"href":"https:\/\/cleciooliveira.eti.br\/blog\/wp-json\/wp\/v2\/posts\/483","targetHints":{"allow":["GET"]}}],"collection":[{"href":"https:\/\/cleciooliveira.eti.br\/blog\/wp-json\/wp\/v2\/posts"}],"about":[{"href":"https:\/\/cleciooliveira.eti.br\/blog\/wp-json\/wp\/v2\/types\/post"}],"author":[{"embeddable":true,"href":"https:\/\/cleciooliveira.eti.br\/blog\/wp-json\/wp\/v2\/users\/1"}],"replies":[{"embeddable":true,"href":"https:\/\/cleciooliveira.eti.br\/blog\/wp-json\/wp\/v2\/comments?post=483"}],"version-history":[{"count":4,"href":"https:\/\/cleciooliveira.eti.br\/blog\/wp-json\/wp\/v2\/posts\/483\/revisions"}],"predecessor-version":[{"id":737,"href":"https:\/\/cleciooliveira.eti.br\/blog\/wp-json\/wp\/v2\/posts\/483\/revisions\/737"}],"wp:attachment":[{"href":"https:\/\/cleciooliveira.eti.br\/blog\/wp-json\/wp\/v2\/media?parent=483"}],"wp:term":[{"taxonomy":"category","embeddable":true,"href":"https:\/\/cleciooliveira.eti.br\/blog\/wp-json\/wp\/v2\/categories?post=483"},{"taxonomy":"post_tag","embeddable":true,"href":"https:\/\/cleciooliveira.eti.br\/blog\/wp-json\/wp\/v2\/tags?post=483"}],"curies":[{"name":"wp","href":"https:\/\/api.w.org\/{rel}","templated":true}]}}