{"id":7,"date":"2008-03-17T23:40:38","date_gmt":"2008-03-18T02:40:38","guid":{"rendered":"http:\/\/cleciooliveira.eti.br\/blog\/?p=7"},"modified":"2008-06-02T01:29:48","modified_gmt":"2008-06-02T04:29:48","slug":"pos-instalacao-do-arch-linux","status":"publish","type":"post","link":"https:\/\/cleciooliveira.eti.br\/blog\/2008\/03\/17\/pos-instalacao-do-arch-linux\/","title":{"rendered":"P\u00f3s-Instala\u00e7\u00e3o do Arch Linux"},"content":{"rendered":"<p>Acabei de instalar o <a onclick=\"javascript:pageTracker._trackPageview('\/outgoing\/www.archlinux.org');\" title=\"Site do Arch Linux\"  href=\"http:\/\/www.archlinux.org\" target=\"_blank\" rel=\"noopener\">Arch Linux<\/a> com sucesso e agora o que fazer? <a onclick=\"javascript:pageTracker._trackPageview('\/outgoing\/hdoria.archlinux-br.org\/');\" title=\"Blog do Hugo Doria\"  href=\"http:\/\/hdoria.archlinux-br.org\/\" target=\"_blank\" rel=\"noopener\">Hugo Doria (hdoria)<\/a>, escreveu em seu <a onclick=\"javascript:pageTracker._trackPageview('\/outgoing\/hdoria.archlinux-br.org\/');\" title=\"Blog do Hugo Doria\"  href=\"http:\/\/hdoria.archlinux-br.org\/\" target=\"_blank\" rel=\"noopener\">blog<\/a> um\u00a0<a onclick=\"javascript:pageTracker._trackPageview('\/outgoing\/hdoria.archlinux-br.org\/blog\/2007\/09\/03\/pos-instalacao-do-archlinux\/');\" title=\"Tutorial Pos-instala\u00e7\u00e3o do ArchLinux\"  href=\"http:\/\/hdoria.archlinux-br.org\/blog\/2007\/09\/03\/pos-instalacao-do-archlinux\/\" target=\"_blank\" rel=\"noopener\">tutorial<\/a> descrevendo como proceder depois da instala\u00e7\u00e3o do seu ArchLinux para ter um sistema funcional para desktop dom\u00e9stico.<br \/>\nLembrando que neste tutorial pode conter alguns passos desnecess\u00e1rio para voc\u00ea ou faltar algum. Isso, devido ao autor ter feito a instala\u00e7\u00e3o para uso pr\u00f3prio e em notebook, mas serve e muito para quem tem desktop.<\/p>\n<p><a onclick=\"javascript:pageTracker._trackPageview('\/outgoing\/hdoria.archlinux-br.org\/blog\/2007\/09\/03\/pos-instalacao-do-archlinux\/');\" title=\"Pos-instala\u00e7\u00e3o do ArchLinux\"  href=\"http:\/\/hdoria.archlinux-br.org\/blog\/2007\/09\/03\/pos-instalacao-do-archlinux\/\" target=\"_blank\" rel=\"noopener\">Fonte<\/a><\/p>\n","protected":false},"excerpt":{"rendered":"<p>Acabei de instalar o Arch Linux com sucesso e agora o que fazer? Hugo Doria (hdoria), escreveu em seu blog um\u00a0tutorial descrevendo como proceder depois da instala\u00e7\u00e3o do seu ArchLinux para ter um sistema funcional para desktop dom\u00e9stico. Lembrando que neste tutorial pode conter alguns passos desnecess\u00e1rio para voc\u00ea ou faltar algum. Isso, devido ao [&hellip;]<\/p>\n","protected":false},"author":1,"featured_media":0,"comment_status":"open","ping_status":"open","sticky":false,"template":"","format":"standard","meta":{"jetpack_post_was_ever_published":false,"_jetpack_newsletter_access":"","_jetpack_dont_email_post_to_subs":false,"_jetpack_newsletter_tier_id":0,"_jetpack_memberships_contains_paywalled_content":false,"_jetpack_memberships_contains_paid_content":false,"footnotes":"","jetpack_publicize_message":"","jetpack_publicize_feature_enabled":true,"jetpack_social_post_already_shared":false,"jetpack_social_options":{"image_generator_settings":{"template":"highway","default_image_id":0,"font":"","enabled":false},"version":2}},"categories":[4],"tags":[221,18],"class_list":["post-7","post","type-post","status-publish","format-standard","hentry","category-linux","tag-arch-linux","tag-tutorial"],"jetpack_publicize_connections":[],"jetpack_featured_media_url":"","jetpack_shortlink":"https:\/\/wp.me\/p3oatH-7","jetpack_sharing_enabled":true,"_links":{"self":[{"href":"https:\/\/cleciooliveira.eti.br\/blog\/wp-json\/wp\/v2\/posts\/7","targetHints":{"allow":["GET"]}}],"collection":[{"href":"https:\/\/cleciooliveira.eti.br\/blog\/wp-json\/wp\/v2\/posts"}],"about":[{"href":"https:\/\/cleciooliveira.eti.br\/blog\/wp-json\/wp\/v2\/types\/post"}],"author":[{"embeddable":true,"href":"https:\/\/cleciooliveira.eti.br\/blog\/wp-json\/wp\/v2\/users\/1"}],"replies":[{"embeddable":true,"href":"https:\/\/cleciooliveira.eti.br\/blog\/wp-json\/wp\/v2\/comments?post=7"}],"version-history":[{"count":0,"href":"https:\/\/cleciooliveira.eti.br\/blog\/wp-json\/wp\/v2\/posts\/7\/revisions"}],"wp:attachment":[{"href":"https:\/\/cleciooliveira.eti.br\/blog\/wp-json\/wp\/v2\/media?parent=7"}],"wp:term":[{"taxonomy":"category","embeddable":true,"href":"https:\/\/cleciooliveira.eti.br\/blog\/wp-json\/wp\/v2\/categories?post=7"},{"taxonomy":"post_tag","embeddable":true,"href":"https:\/\/cleciooliveira.eti.br\/blog\/wp-json\/wp\/v2\/tags?post=7"}],"curies":[{"name":"wp","href":"https:\/\/api.w.org\/{rel}","templated":true}]}}