{"id":76,"date":"2009-02-08T03:47:12","date_gmt":"2009-02-08T06:47:12","guid":{"rendered":"http:\/\/cleciooliveira.eti.br\/blog\/?p=76"},"modified":"2009-03-06T01:54:11","modified_gmt":"2009-03-06T04:54:11","slug":"somente-para-conhecimento-agora-e-archlinux-br","status":"publish","type":"post","link":"https:\/\/cleciooliveira.eti.br\/blog\/2009\/02\/08\/somente-para-conhecimento-agora-e-archlinux-br\/","title":{"rendered":"Somente para conhecimento &#8211; agora \u00e9 #archlinux-br"},"content":{"rendered":"<p>Bem pessoal,\u00a0ontem entrei no canal #archlinux.br e achei estranho a quantidade de pessoas no canal, somente duas contando comigo,\u00a0vou dormir amanh\u00e3 o pessoal estar\u00e1 a\u00ed. &#8211;\u00a0pensei comigo. Por\u00e9m, no outro dia a mesma coisa, canal vazio.<br \/>\nComo n\u00e3o sabia o que estava acontecendo,\u00a0entrei em outros canais do g\u00eanero para tentar saber algo. Caso tivesse mudado algo, o pessoal avisaria de alguma forma a seus usu\u00e1rios.<br \/>\nBem, por dedu\u00e7\u00e3o &#8220;joined&#8221; no canal #archlinux-br o qual constatei que o canal mudou\u00a0de nome.<\/p>\n<p>Ent\u00e3o, fazendo a &#8220;d&#8217;age*&#8221;\u00a0para a\u00a0equipe do Archlinux-br:<\/p>\n<p>Canal: #archlinux-br<br \/>\nRede: irc.freenode.net<\/p>\n<p>Nos vemos l\u00e1 \ud83d\ude00<\/p>\n<p>*d&#8217;age &#8211; tem o sentido de agir no\u00a0tempo, se voc\u00ea \u00e9\u00a0baiano como eu sabe disso \ud83d\ude42<\/p>\n<p>&lt;update&gt;<br \/>\nComo o Marcelo Kalib disse no coment\u00e1rio dele o canal continua o mesmo, #archlinux.br \u00e9 somente um redicionamento para o #archlinux-br. Eu tamb\u00e9m n\u00e3o sabia \ud83d\ude00<br \/>\nVlws Marcelo \ud83d\ude1b<br \/>\n&lt;\/update&gt;<\/p>\n","protected":false},"excerpt":{"rendered":"<p>Bem pessoal,\u00a0ontem entrei no canal #archlinux.br e achei estranho a quantidade de pessoas no canal, somente duas contando comigo,\u00a0vou dormir amanh\u00e3 o pessoal estar\u00e1 a\u00ed. &#8211;\u00a0pensei comigo. Por\u00e9m, no outro dia a mesma coisa, canal vazio. Como n\u00e3o sabia o que estava acontecendo,\u00a0entrei em outros canais do g\u00eanero para tentar saber algo. Caso tivesse mudado [&hellip;]<\/p>\n","protected":false},"author":1,"featured_media":0,"comment_status":"open","ping_status":"open","sticky":false,"template":"","format":"standard","meta":{"jetpack_post_was_ever_published":false,"_jetpack_newsletter_access":"","_jetpack_dont_email_post_to_subs":false,"_jetpack_newsletter_tier_id":0,"_jetpack_memberships_contains_paywalled_content":false,"_jetpack_memberships_contains_paid_content":false,"footnotes":"","jetpack_publicize_message":"","jetpack_publicize_feature_enabled":true,"jetpack_social_post_already_shared":false,"jetpack_social_options":{"image_generator_settings":{"template":"highway","default_image_id":0,"font":"","enabled":false},"version":2}},"categories":[1],"tags":[16,111,110],"class_list":["post-76","post","type-post","status-publish","format-standard","hentry","category-dia","tag-archlinux","tag-dage","tag-irc"],"jetpack_publicize_connections":[],"jetpack_featured_media_url":"","jetpack_shortlink":"https:\/\/wp.me\/p3oatH-1e","jetpack_sharing_enabled":true,"_links":{"self":[{"href":"https:\/\/cleciooliveira.eti.br\/blog\/wp-json\/wp\/v2\/posts\/76","targetHints":{"allow":["GET"]}}],"collection":[{"href":"https:\/\/cleciooliveira.eti.br\/blog\/wp-json\/wp\/v2\/posts"}],"about":[{"href":"https:\/\/cleciooliveira.eti.br\/blog\/wp-json\/wp\/v2\/types\/post"}],"author":[{"embeddable":true,"href":"https:\/\/cleciooliveira.eti.br\/blog\/wp-json\/wp\/v2\/users\/1"}],"replies":[{"embeddable":true,"href":"https:\/\/cleciooliveira.eti.br\/blog\/wp-json\/wp\/v2\/comments?post=76"}],"version-history":[{"count":5,"href":"https:\/\/cleciooliveira.eti.br\/blog\/wp-json\/wp\/v2\/posts\/76\/revisions"}],"predecessor-version":[{"id":78,"href":"https:\/\/cleciooliveira.eti.br\/blog\/wp-json\/wp\/v2\/posts\/76\/revisions\/78"}],"wp:attachment":[{"href":"https:\/\/cleciooliveira.eti.br\/blog\/wp-json\/wp\/v2\/media?parent=76"}],"wp:term":[{"taxonomy":"category","embeddable":true,"href":"https:\/\/cleciooliveira.eti.br\/blog\/wp-json\/wp\/v2\/categories?post=76"},{"taxonomy":"post_tag","embeddable":true,"href":"https:\/\/cleciooliveira.eti.br\/blog\/wp-json\/wp\/v2\/tags?post=76"}],"curies":[{"name":"wp","href":"https:\/\/api.w.org\/{rel}","templated":true}]}}